{"id":5880,"date":"2026-09-01T16:08:13","date_gmt":"2026-09-01T16:08:13","guid":{"rendered":"https:\/\/radioazul.com.ar\/?p=5880"},"modified":"2026-09-01T16:08:13","modified_gmt":"2026-09-01T16:08:13","slug":"egreso-del-14-o-curso-basico-nacional-e-interfuerzas-gia-y-del-curso-de-operador-de-explosivos-de-la-division-bomberos-zapadores","status":"publish","type":"post","link":"http:\/\/radioazul.com.ar\/index.php\/2026\/09\/01\/egreso-del-14-o-curso-basico-nacional-e-interfuerzas-gia-y-del-curso-de-operador-de-explosivos-de-la-division-bomberos-zapadores\/","title":{"rendered":"Egreso del 14.\u00ba Curso B\u00e1sico Nacional e Interfuerzas GIA y del Curso de Operador de Explosivos de la Divisi\u00f3n Bomberos Zapadores"},"content":{"rendered":"\n<p class=\"wp-block-paragraph\">En la Jefatura Central de Polic\u00eda se llev\u00f3 a cabo el acto de egreso correspondiente al 14.\u00ba Curso B\u00e1sico Nacional e Interfuerzas del Grupo de Infanter\u00eda Adiestrada (GIA) y al Curso de Operador de Explosivos de la Divisi\u00f3n Bomberos Zapadores.<\/p>\n\n\n\n<figure class=\"wp-block-image size-large is-resized\"><img loading=\"lazy\" decoding=\"async\" width=\"1024\" height=\"461\" src=\"https:\/\/radioazul.com.ar\/wp-content\/uploads\/2026\/09\/WhatsApp-Image-2026-09-01-at-12.57.29-1024x461.jpeg\" alt=\"\" class=\"wp-image-5882\" style=\"aspect-ratio:2.2213040244607885;width:697px;height:auto\" srcset=\"http:\/\/radioazul.com.ar\/wp-content\/uploads\/2026\/09\/WhatsApp-Image-2026-09-01-at-12.57.29-1024x461.jpeg 1024w, http:\/\/radioazul.com.ar\/wp-content\/uploads\/2026\/09\/WhatsApp-Image-2026-09-01-at-12.57.29-300x135.jpeg 300w, http:\/\/radioazul.com.ar\/wp-content\/uploads\/2026\/09\/WhatsApp-Image-2026-09-01-at-12.57.29-768x346.jpeg 768w, http:\/\/radioazul.com.ar\/wp-content\/uploads\/2026\/09\/WhatsApp-Image-2026-09-01-at-12.57.29.jpeg 1280w\" sizes=\"auto, (max-width: 1024px) 100vw, 1024px\" \/><\/figure>\n\n\n\n<p class=\"wp-block-paragraph\">La ceremonia cont\u00f3 con la presencia del Jefe de Polic\u00eda de la Provincia, Comisario General Licenciado Claudio Omar Gonz\u00e1lez, quien estuvo acompa\u00f1ado por el Director General de Operaciones y Seguridad P\u00fablica, Comisario Mayor Licenciado Diego Cabello del Campo, y el Subdirector General de Operaciones y Seguridad P\u00fablica, Comisario Mayor Licenciado Mart\u00edn Tello.<\/p>\n\n\n\n<figure class=\"wp-block-image size-large is-resized\"><img loading=\"lazy\" decoding=\"async\" width=\"1024\" height=\"768\" src=\"https:\/\/radioazul.com.ar\/wp-content\/uploads\/2026\/09\/WhatsApp-Image-2026-09-01-at-13.02.38-1024x768.jpeg\" alt=\"\" class=\"wp-image-5883\" style=\"width:698px;height:auto\" srcset=\"http:\/\/radioazul.com.ar\/wp-content\/uploads\/2026\/09\/WhatsApp-Image-2026-09-01-at-13.02.38-1024x768.jpeg 1024w, http:\/\/radioazul.com.ar\/wp-content\/uploads\/2026\/09\/WhatsApp-Image-2026-09-01-at-13.02.38-300x225.jpeg 300w, http:\/\/radioazul.com.ar\/wp-content\/uploads\/2026\/09\/WhatsApp-Image-2026-09-01-at-13.02.38-768x576.jpeg 768w, http:\/\/radioazul.com.ar\/wp-content\/uploads\/2026\/09\/WhatsApp-Image-2026-09-01-at-13.02.38.jpeg 1280w\" sizes=\"auto, (max-width: 1024px) 100vw, 1024px\" \/><\/figure>\n\n\n\n<p class=\"wp-block-paragraph\">En el marco del 14.\u00ba Curso B\u00e1sico Nacional e Interfuerzas del GIA, la capacitaci\u00f3n se desarroll\u00f3 a lo largo de 36 jornadas intensas, durante las cuales los 20 cursantes atravesaron diferentes instancias de formaci\u00f3n y exigencia. El proceso incluy\u00f3 desaf\u00edos de car\u00e1cter f\u00edsico, t\u00e9cnico y psicol\u00f3gico, orientados a brindar las herramientas necesarias para intervenir y desenvolverse adecuadamente ante situaciones de alta complejidad.<\/p>\n\n\n\n<p class=\"wp-block-paragraph\">Por su parte, el Curso de Operador de Explosivos, desarrollado por la Divisi\u00f3n Bomberos Zapadores, estuvo orientado a brindar una capacitaci\u00f3n especializada y profundizar los conocimientos vinculados con el trabajo operativo en materia de explosivos. Entre los contenidos abordados se incluyeron los medios de b\u00fasqueda, contramedidas, canes detectores, detonaciones controladas, entre otros conocimientos y procedimientos espec\u00edficos propios de esta especialidad.<\/p>\n\n\n\n<p class=\"wp-block-paragraph\">De esta manera, culminaron ambas instancias de formaci\u00f3n, que representaron un importante desaf\u00edo para quienes participaron y que permitieron fortalecer conocimientos, capacidades y herramientas fundamentales para el cumplimiento de sus funciones.<\/p>\n\n\n\n<p class=\"wp-block-paragraph\">El egreso constituye el cierre de un proceso que puso a prueba no solo la capacidad t\u00e9cnica y f\u00edsica de los cursantes, sino tambi\u00e9n su temple, compromiso y vocaci\u00f3n de servicio, valores esenciales para afrontar con profesionalismo y responsabilidad las distintas situaciones que demanda la funci\u00f3n policial.<\/p>\n\n\n\n<p class=\"wp-block-paragraph\">Con la finalizaci\u00f3n de estos cursos, la Polic\u00eda de Entre R\u00edos contin\u00faa apostando a la capacitaci\u00f3n permanente y especializada de su personal, fortaleciendo la preparaci\u00f3n de sus hombres y mujeres para brindar respuestas cada vez m\u00e1s profesionales ante situaciones de alta complejidad.<\/p>\n\n\n\n<figure class=\"wp-block-image size-large is-resized\"><img loading=\"lazy\" decoding=\"async\" width=\"1024\" height=\"768\" src=\"https:\/\/radioazul.com.ar\/wp-content\/uploads\/2026\/09\/WhatsApp-Image-2026-09-01-at-13.03.30-1-1024x768.jpeg\" alt=\"\" class=\"wp-image-5885\" style=\"width:679px;height:auto\" srcset=\"http:\/\/radioazul.com.ar\/wp-content\/uploads\/2026\/09\/WhatsApp-Image-2026-09-01-at-13.03.30-1-1024x768.jpeg 1024w, http:\/\/radioazul.com.ar\/wp-content\/uploads\/2026\/09\/WhatsApp-Image-2026-09-01-at-13.03.30-1-300x225.jpeg 300w, http:\/\/radioazul.com.ar\/wp-content\/uploads\/2026\/09\/WhatsApp-Image-2026-09-01-at-13.03.30-1-768x576.jpeg 768w, http:\/\/radioazul.com.ar\/wp-content\/uploads\/2026\/09\/WhatsApp-Image-2026-09-01-at-13.03.30-1.jpeg 1280w\" sizes=\"auto, (max-width: 1024px) 100vw, 1024px\" \/><\/figure>\n","protected":false},"excerpt":{"rendered":"<p>En la Jefatura Central de Polic\u00eda se llev\u00f3 a cabo el acto de egreso correspondiente al 14.\u00ba Curso B\u00e1sico Nacional e Interfuerzas del Grupo de Infanter\u00eda Adiestrada (GIA) y al Curso de Operador de Explosivos de la Divisi\u00f3n Bomberos Zapadores. La ceremonia cont\u00f3 con la presencia del Jefe de Polic\u00eda de la Provincia, Comisario General [&hellip;]<\/p>\n","protected":false},"author":1,"featured_media":5881,"comment_status":"open","ping_status":"open","sticky":false,"template":"","format":"standard","meta":{"footnotes":""},"categories":[1],"tags":[],"class_list":["post-5880","post","type-post","status-publish","format-standard","has-post-thumbnail","hentry","category-noticias"],"_links":{"self":[{"href":"http:\/\/radioazul.com.ar\/index.php\/wp-json\/wp\/v2\/posts\/5880","targetHints":{"allow":["GET"]}}],"collection":[{"href":"http:\/\/radioazul.com.ar\/index.php\/wp-json\/wp\/v2\/posts"}],"about":[{"href":"http:\/\/radioazul.com.ar\/index.php\/wp-json\/wp\/v2\/types\/post"}],"author":[{"embeddable":true,"href":"http:\/\/radioazul.com.ar\/index.php\/wp-json\/wp\/v2\/users\/1"}],"replies":[{"embeddable":true,"href":"http:\/\/radioazul.com.ar\/index.php\/wp-json\/wp\/v2\/comments?post=5880"}],"version-history":[{"count":1,"href":"http:\/\/radioazul.com.ar\/index.php\/wp-json\/wp\/v2\/posts\/5880\/revisions"}],"predecessor-version":[{"id":5886,"href":"http:\/\/radioazul.com.ar\/index.php\/wp-json\/wp\/v2\/posts\/5880\/revisions\/5886"}],"wp:featuredmedia":[{"embeddable":true,"href":"http:\/\/radioazul.com.ar\/index.php\/wp-json\/wp\/v2\/media\/5881"}],"wp:attachment":[{"href":"http:\/\/radioazul.com.ar\/index.php\/wp-json\/wp\/v2\/media?parent=5880"}],"wp:term":[{"taxonomy":"category","embeddable":true,"href":"http:\/\/radioazul.com.ar\/index.php\/wp-json\/wp\/v2\/categories?post=5880"},{"taxonomy":"post_tag","embeddable":true,"href":"http:\/\/radioazul.com.ar\/index.php\/wp-json\/wp\/v2\/tags?post=5880"}],"curies":[{"name":"wp","href":"https:\/\/api.w.org\/{rel}","templated":true}]}}