{"id":4627,"date":"2024-07-05T13:34:17","date_gmt":"2024-07-05T13:34:17","guid":{"rendered":"http:\/\/radioazul.com.ar\/?p=4627"},"modified":"2024-07-05T13:34:20","modified_gmt":"2024-07-05T13:34:20","slug":"practicas-profecionalizantes-entrega-de-bicicletas-y-monopatines","status":"publish","type":"post","link":"https:\/\/radioazul.com.ar\/index.php\/2024\/07\/05\/practicas-profecionalizantes-entrega-de-bicicletas-y-monopatines\/","title":{"rendered":"Practicas Profecionalizantes &#8211; Entrega de Bicicletas y Monopatines"},"content":{"rendered":"\n<p class=\"wp-block-paragraph\">Los cadetes de Tercer A\u00f1o de la Escuela Superior de Oficiales &#8220;Dr. Salvador Mac\u00eda&#8221; se encuentran relizando sus pr\u00e1cticas profesionalizantes al igual que los aspirantes masculinos y femininos de las escuelas de &#8220;\u201cComisario General Pedro Fernando Ram\u00f3n Campbell\u201d y &#8220;General Francisco Ramirez&#8221;, destacandose en el marco de las proximas vacaiones de invierno. <\/p>\n\n\n\n<figure class=\"wp-block-image size-large\"><img loading=\"lazy\" decoding=\"async\" width=\"770\" height=\"1024\" src=\"https:\/\/radioazul.com.ar\/wp-content\/uploads\/2024\/07\/WhatsApp-Image-2024-07-04-at-10.53.17-770x1024.jpeg\" alt=\"\" class=\"wp-image-4628\" srcset=\"https:\/\/radioazul.com.ar\/wp-content\/uploads\/2024\/07\/WhatsApp-Image-2024-07-04-at-10.53.17-770x1024.jpeg 770w, https:\/\/radioazul.com.ar\/wp-content\/uploads\/2024\/07\/WhatsApp-Image-2024-07-04-at-10.53.17-226x300.jpeg 226w, https:\/\/radioazul.com.ar\/wp-content\/uploads\/2024\/07\/WhatsApp-Image-2024-07-04-at-10.53.17-768x1021.jpeg 768w, https:\/\/radioazul.com.ar\/wp-content\/uploads\/2024\/07\/WhatsApp-Image-2024-07-04-at-10.53.17-1155x1536.jpeg 1155w, https:\/\/radioazul.com.ar\/wp-content\/uploads\/2024\/07\/WhatsApp-Image-2024-07-04-at-10.53.17.jpeg 1203w\" sizes=\"auto, (max-width: 770px) 100vw, 770px\" \/><\/figure>\n\n\n\n<p class=\"wp-block-paragraph\">Contar\u00f3n con la entrega de 3 Monopatines y 2 bicicletas para su utilizaci\u00f3n.<\/p>\n\n\n\n<figure class=\"wp-block-image size-large is-resized\"><img loading=\"lazy\" decoding=\"async\" src=\"https:\/\/radioazul.com.ar\/wp-content\/uploads\/2024\/07\/WhatsApp-Image-2024-07-04-at-10.53.18-1-770x1024.jpeg\" alt=\"\" class=\"wp-image-4631\" width=\"581\" height=\"771\" srcset=\"https:\/\/radioazul.com.ar\/wp-content\/uploads\/2024\/07\/WhatsApp-Image-2024-07-04-at-10.53.18-1-226x300.jpeg 226w, https:\/\/radioazul.com.ar\/wp-content\/uploads\/2024\/07\/WhatsApp-Image-2024-07-04-at-10.53.18-1-768x1021.jpeg 768w, https:\/\/radioazul.com.ar\/wp-content\/uploads\/2024\/07\/WhatsApp-Image-2024-07-04-at-10.53.18-1.jpeg 963w\" sizes=\"auto, (max-width: 581px) 100vw, 581px\" \/><\/figure>\n\n\n\n<figure class=\"wp-block-image size-large is-resized\"><img loading=\"lazy\" decoding=\"async\" src=\"https:\/\/radioazul.com.ar\/wp-content\/uploads\/2024\/07\/WhatsApp-Image-2024-07-04-at-10.53.51-770x1024.jpeg\" alt=\"\" class=\"wp-image-4630\" width=\"578\" height=\"768\" srcset=\"https:\/\/radioazul.com.ar\/wp-content\/uploads\/2024\/07\/WhatsApp-Image-2024-07-04-at-10.53.51-770x1024.jpeg 770w, https:\/\/radioazul.com.ar\/wp-content\/uploads\/2024\/07\/WhatsApp-Image-2024-07-04-at-10.53.51-226x300.jpeg 226w, https:\/\/radioazul.com.ar\/wp-content\/uploads\/2024\/07\/WhatsApp-Image-2024-07-04-at-10.53.51-768x1021.jpeg 768w, https:\/\/radioazul.com.ar\/wp-content\/uploads\/2024\/07\/WhatsApp-Image-2024-07-04-at-10.53.51.jpeg 963w\" sizes=\"auto, (max-width: 578px) 100vw, 578px\" \/><\/figure>\n\n\n\n<p class=\"wp-block-paragraph\">Cont\u00f3 con la presencia del se\u00f1or Jefe de Polic\u00eda de la Provincia Comisario General Licenciado Claudio Gonzalez acompa\u00f1ando y dando palabras para el apoyo constante para con los funcionarios y cadetes, m\u00e1s en estos momentos. <\/p>\n\n\n\n<figure class=\"wp-block-image size-large\"><img loading=\"lazy\" decoding=\"async\" width=\"581\" height=\"1024\" src=\"https:\/\/radioazul.com.ar\/wp-content\/uploads\/2024\/07\/WhatsApp-Image-2024-07-05-at-10.16.12-1-581x1024.jpeg\" alt=\"\" class=\"wp-image-4632\" srcset=\"https:\/\/radioazul.com.ar\/wp-content\/uploads\/2024\/07\/WhatsApp-Image-2024-07-05-at-10.16.12-1-581x1024.jpeg 581w, https:\/\/radioazul.com.ar\/wp-content\/uploads\/2024\/07\/WhatsApp-Image-2024-07-05-at-10.16.12-1-170x300.jpeg 170w, https:\/\/radioazul.com.ar\/wp-content\/uploads\/2024\/07\/WhatsApp-Image-2024-07-05-at-10.16.12-1-768x1353.jpeg 768w, https:\/\/radioazul.com.ar\/wp-content\/uploads\/2024\/07\/WhatsApp-Image-2024-07-05-at-10.16.12-1-872x1536.jpeg 872w, https:\/\/radioazul.com.ar\/wp-content\/uploads\/2024\/07\/WhatsApp-Image-2024-07-05-at-10.16.12-1.jpeg 908w\" sizes=\"auto, (max-width: 581px) 100vw, 581px\" \/><\/figure>\n\n\n\n<p class=\"wp-block-paragraph\"><\/p>\n","protected":false},"excerpt":{"rendered":"<p>Los cadetes de Tercer A\u00f1o de la Escuela Superior de Oficiales &#8220;Dr. Salvador Mac\u00eda&#8221; se encuentran relizando sus pr\u00e1cticas profesionalizantes al igual que los aspirantes masculinos y femininos de las escuelas de &#8220;\u201cComisario General Pedro Fernando Ram\u00f3n Campbell\u201d y &#8220;General Francisco Ramirez&#8221;, destacandose en el marco de las proximas vacaiones de invierno. Contar\u00f3n con la [&hellip;]<\/p>\n","protected":false},"author":1,"featured_media":4633,"comment_status":"open","ping_status":"open","sticky":false,"template":"","format":"standard","meta":{"footnotes":""},"categories":[1],"tags":[],"class_list":["post-4627","post","type-post","status-publish","format-standard","has-post-thumbnail","hentry","category-noticias"],"_links":{"self":[{"href":"https:\/\/radioazul.com.ar\/index.php\/wp-json\/wp\/v2\/posts\/4627","targetHints":{"allow":["GET"]}}],"collection":[{"href":"https:\/\/radioazul.com.ar\/index.php\/wp-json\/wp\/v2\/posts"}],"about":[{"href":"https:\/\/radioazul.com.ar\/index.php\/wp-json\/wp\/v2\/types\/post"}],"author":[{"embeddable":true,"href":"https:\/\/radioazul.com.ar\/index.php\/wp-json\/wp\/v2\/users\/1"}],"replies":[{"embeddable":true,"href":"https:\/\/radioazul.com.ar\/index.php\/wp-json\/wp\/v2\/comments?post=4627"}],"version-history":[{"count":1,"href":"https:\/\/radioazul.com.ar\/index.php\/wp-json\/wp\/v2\/posts\/4627\/revisions"}],"predecessor-version":[{"id":4634,"href":"https:\/\/radioazul.com.ar\/index.php\/wp-json\/wp\/v2\/posts\/4627\/revisions\/4634"}],"wp:featuredmedia":[{"embeddable":true,"href":"https:\/\/radioazul.com.ar\/index.php\/wp-json\/wp\/v2\/media\/4633"}],"wp:attachment":[{"href":"https:\/\/radioazul.com.ar\/index.php\/wp-json\/wp\/v2\/media?parent=4627"}],"wp:term":[{"taxonomy":"category","embeddable":true,"href":"https:\/\/radioazul.com.ar\/index.php\/wp-json\/wp\/v2\/categories?post=4627"},{"taxonomy":"post_tag","embeddable":true,"href":"https:\/\/radioazul.com.ar\/index.php\/wp-json\/wp\/v2\/tags?post=4627"}],"curies":[{"name":"wp","href":"https:\/\/api.w.org\/{rel}","templated":true}]}}